{"id":1014,"date":"2024-05-26T20:12:44","date_gmt":"2024-05-26T20:12:44","guid":{"rendered":"http:\/\/solidarisches-magdeburg.org\/?p=1014"},"modified":"2024-05-26T20:39:33","modified_gmt":"2024-05-26T20:39:33","slug":"omas-gegen-rechts-was-tun-die-abgeordneten-der-afd-fuer-unsere-stadt","status":"publish","type":"post","link":"http:\/\/solidarisches-magdeburg.org\/?p=1014","title":{"rendered":"Omas gegen Rechts: Was tun die Abgeordneten der AfD f\u00fcr unsere Stadt?"},"content":{"rendered":"<p>Die lokale Gruppe der Initiative &#8222;Omas gegen rechts&#8220; in Magdeburg hat Ausz\u00fcge aus dem Abstimmungsverhalten der AfD im Magdeburger Stadtrat zusammengestellt. Darin verdeutlicht sich, wof\u00fcr die in Sachsen-Anhalt als gesichert rechtsextrem eingestufte AfD auch auf kommunaler Ebene steht: F\u00fcr eine ausgrenzende und nicht zukunftsorientierte Sozial-, Bildungs-, Gesundheits- und Umweltpolitik in Magdeburg.<\/p>\n<p>So lehnt die AfD nicht nur eine Verbesserung des Hochwasserschutzes, der Schulsozialarbeit und die Bezuschussung der Magdeburger Verkehrsbetriebe ab, sondern verweigert sich ganz, wenn es um strukturelle Konzepte f\u00fcr unsere Stadt geht. So bei der Radverkehrskonzeption, dem Kinderschutz oder einem Hitzeaktionsplan.<\/p>\n<p><strong>Deshalb: KREUZ MACHEN OHNE HAKEN! Gehen Sie w\u00e4hlen und w\u00e4hlen demokratisch!<\/strong><\/p>\n<p>Die gesamte \u00dcbersicht finden Sie <a href=\"http:\/\/solidarisches-magdeburg.org\/wp-content\/uploads\/2024\/05\/Omas-gegen-Rechts-Was-tun-die-Abgeordneten-der-AfD-fuer-unsere-Stadt.pdf\">hier zum Download<\/a> und ab dem 27.05.2024 auch jeden Tag bis zur Kommunal- und Europawahl am 9. Juni als Socialmediakampagne auf unseren Kan\u00e4len bei <a href=\"https:\/\/www.instagram.com\/solidarischesmagdeburg\/\">Instagram,<\/a> <a href=\"https:\/\/www.facebook.com\/NDC.SachsenAnhalt\">Facebook <\/a>und <a href=\"https:\/\/x.com\/md_solidarisch\">X<\/a> (ehemals Twitter).<\/p>\n\n\n<\/p>\n<p>\n\n\n<\/p>\n<p>\n\n\n<\/p>\n<p>\n\n\n<\/p>","protected":false},"excerpt":{"rendered":"<p>Die lokale Gruppe der Initiative &#8222;Omas gegen rechts&#8220; in Magdeburg hat Ausz\u00fcge aus dem Abstimmungsverhalten der AfD im Magdeburger Stadtrat zusammengestellt. Darin verdeutlicht sich, wof\u00fcr die in Sachsen-Anhalt als gesichert rechtsextrem eingestufte AfD auch auf kommunaler Ebene steht: F\u00fcr eine ausgrenzende und nicht zukunftsorientierte Sozial-, Bildungs-, Gesundheits- und Umweltpolitik in Magdeburg. So lehnt die AfD &hellip; <\/p>\n<p class=\"link-more\"><a href=\"http:\/\/solidarisches-magdeburg.org\/?p=1014\" class=\"more-link\"><span class=\"screen-reader-text\">\u201eOmas gegen Rechts: Was tun die Abgeordneten der AfD f\u00fcr unsere Stadt?\u201c<\/span> weiterlesen<\/a><\/p>\n","protected":false},"author":1,"featured_media":1017,"comment_status":"open","ping_status":"open","sticky":false,"template":"","format":"standard","meta":{"footnotes":""},"categories":[7],"tags":[36,20,37],"class_list":["post-1014","post","type-post","status-publish","format-standard","has-post-thumbnail","hentry","category-news","tag-kommunalwahl-2024","tag-noafd","tag-omas-gegen-rechts"],"_links":{"self":[{"href":"http:\/\/solidarisches-magdeburg.org\/index.php?rest_route=\/wp\/v2\/posts\/1014","targetHints":{"allow":["GET"]}}],"collection":[{"href":"http:\/\/solidarisches-magdeburg.org\/index.php?rest_route=\/wp\/v2\/posts"}],"about":[{"href":"http:\/\/solidarisches-magdeburg.org\/index.php?rest_route=\/wp\/v2\/types\/post"}],"author":[{"embeddable":true,"href":"http:\/\/solidarisches-magdeburg.org\/index.php?rest_route=\/wp\/v2\/users\/1"}],"replies":[{"embeddable":true,"href":"http:\/\/solidarisches-magdeburg.org\/index.php?rest_route=%2Fwp%2Fv2%2Fcomments&post=1014"}],"version-history":[{"count":10,"href":"http:\/\/solidarisches-magdeburg.org\/index.php?rest_route=\/wp\/v2\/posts\/1014\/revisions"}],"predecessor-version":[{"id":1029,"href":"http:\/\/solidarisches-magdeburg.org\/index.php?rest_route=\/wp\/v2\/posts\/1014\/revisions\/1029"}],"wp:featuredmedia":[{"embeddable":true,"href":"http:\/\/solidarisches-magdeburg.org\/index.php?rest_route=\/wp\/v2\/media\/1017"}],"wp:attachment":[{"href":"http:\/\/solidarisches-magdeburg.org\/index.php?rest_route=%2Fwp%2Fv2%2Fmedia&parent=1014"}],"wp:term":[{"taxonomy":"category","embeddable":true,"href":"http:\/\/solidarisches-magdeburg.org\/index.php?rest_route=%2Fwp%2Fv2%2Fcategories&post=1014"},{"taxonomy":"post_tag","embeddable":true,"href":"http:\/\/solidarisches-magdeburg.org\/index.php?rest_route=%2Fwp%2Fv2%2Ftags&post=1014"}],"curies":[{"name":"wp","href":"https:\/\/api.w.org\/{rel}","templated":true}]}}