{"id":1079,"date":"2024-12-23T02:10:25","date_gmt":"2024-12-23T02:10:25","guid":{"rendered":"http:\/\/solidarisches-magdeburg.org\/?p=1079"},"modified":"2024-12-23T12:24:42","modified_gmt":"2024-12-23T12:24:42","slug":"wir-wollen-trauern-gebt-hass-keine-chance-2","status":"publish","type":"post","link":"http:\/\/solidarisches-magdeburg.org\/?p=1079","title":{"rendered":"++Update++: Wir wollen trauern &#8211; Gebt Hass keine Chance!"},"content":{"rendered":"<p><img loading=\"lazy\" decoding=\"async\" class=\"alignnone size-medium wp-image-1082\" src=\"http:\/\/solidarisches-magdeburg.org\/wp-content\/uploads\/2024\/12\/signal-2024-12-23-11-18-46-059-300x300.jpg\" alt=\"\" width=\"300\" height=\"300\" srcset=\"http:\/\/solidarisches-magdeburg.org\/wp-content\/uploads\/2024\/12\/signal-2024-12-23-11-18-46-059-300x300.jpg 300w, http:\/\/solidarisches-magdeburg.org\/wp-content\/uploads\/2024\/12\/signal-2024-12-23-11-18-46-059-1024x1024.jpg 1024w, http:\/\/solidarisches-magdeburg.org\/wp-content\/uploads\/2024\/12\/signal-2024-12-23-11-18-46-059-150x150.jpg 150w, http:\/\/solidarisches-magdeburg.org\/wp-content\/uploads\/2024\/12\/signal-2024-12-23-11-18-46-059-768x768.jpg 768w, http:\/\/solidarisches-magdeburg.org\/wp-content\/uploads\/2024\/12\/signal-2024-12-23-11-18-46-059-100x100.jpg 100w, http:\/\/solidarisches-magdeburg.org\/wp-content\/uploads\/2024\/12\/signal-2024-12-23-11-18-46-059.jpg 1280w\" sizes=\"auto, (max-width: 300px) 100vw, 300px\" \/><img loading=\"lazy\" decoding=\"async\" class=\"alignnone size-medium wp-image-1071\" src=\"http:\/\/solidarisches-magdeburg.org\/wp-content\/uploads\/2024\/12\/signal-2024-12-22-223156_002-300x300.jpeg\" alt=\"\" width=\"300\" height=\"300\" srcset=\"http:\/\/solidarisches-magdeburg.org\/wp-content\/uploads\/2024\/12\/signal-2024-12-22-223156_002-300x300.jpeg 300w, http:\/\/solidarisches-magdeburg.org\/wp-content\/uploads\/2024\/12\/signal-2024-12-22-223156_002-1024x1024.jpeg 1024w, http:\/\/solidarisches-magdeburg.org\/wp-content\/uploads\/2024\/12\/signal-2024-12-22-223156_002-150x150.jpeg 150w, http:\/\/solidarisches-magdeburg.org\/wp-content\/uploads\/2024\/12\/signal-2024-12-22-223156_002-768x768.jpeg 768w, http:\/\/solidarisches-magdeburg.org\/wp-content\/uploads\/2024\/12\/signal-2024-12-22-223156_002-100x100.jpeg 100w, http:\/\/solidarisches-magdeburg.org\/wp-content\/uploads\/2024\/12\/signal-2024-12-22-223156_002.jpeg 1440w\" sizes=\"auto, (max-width: 300px) 100vw, 300px\" \/><\/p>\n<p>Auch wenige Tage nach den ersch\u00fctternden Ereignissen auf dem Magdeburger Weihnachtsmarkt sind wir von unserer Trauer wie gel\u00e4hmt.<br \/>Erschrocken und w\u00fctend stellen wir fest, dass Menschen diese grausame Tat f\u00fcr ihre Politik instrumentalisieren wollen. Wir m\u00fcssen uns mit Offenheit, Zuwendung, Toleranz &amp; Menschlichkeit begegnen und dabei Br\u00fccken bauen anstatt Mauern in unseren Herzen zu errichten. Kommt am 23. Dezember um 17 Uhr zur Johanniskirche und lasst uns eine Menschenkette bilden. Wir wollen gemeinsam trauern und Hass keine Chance geben.<\/p>\n<p>Initiative \u201eGib Hass keine Chance\u201c<\/p>\n<p>++Update++: Ver\u00e4nderte Treffpunkte, siehe Graphik oben.<\/p>\n<p>\u00a0<\/p>\n\n\n<p><\/p>\n","protected":false},"excerpt":{"rendered":"<p>Auch wenige Tage nach den ersch\u00fctternden Ereignissen auf dem Magdeburger Weihnachtsmarkt sind wir von unserer Trauer wie gel\u00e4hmt.Erschrocken und w\u00fctend stellen wir fest, dass Menschen diese grausame Tat f\u00fcr ihre Politik instrumentalisieren wollen. Wir m\u00fcssen uns mit Offenheit, Zuwendung, Toleranz &amp; Menschlichkeit begegnen und dabei Br\u00fccken bauen anstatt Mauern in unseren Herzen zu errichten. Kommt &hellip; <\/p>\n<p class=\"link-more\"><a href=\"http:\/\/solidarisches-magdeburg.org\/?p=1079\" class=\"more-link\"><span class=\"screen-reader-text\">\u201e++Update++: Wir wollen trauern &#8211; Gebt Hass keine Chance!\u201c<\/span> weiterlesen<\/a><\/p>\n","protected":false},"author":1,"featured_media":1069,"comment_status":"open","ping_status":"open","sticky":false,"template":"","format":"standard","meta":{"footnotes":""},"categories":[7],"tags":[40,39,41,42,19],"class_list":["post-1079","post","type-post","status-publish","format-standard","has-post-thumbnail","hentry","category-news","tag-20-12-2024","tag-anschlag","tag-gedenken","tag-mahnwache","tag-solidaritaet"],"_links":{"self":[{"href":"http:\/\/solidarisches-magdeburg.org\/index.php?rest_route=\/wp\/v2\/posts\/1079","targetHints":{"allow":["GET"]}}],"collection":[{"href":"http:\/\/solidarisches-magdeburg.org\/index.php?rest_route=\/wp\/v2\/posts"}],"about":[{"href":"http:\/\/solidarisches-magdeburg.org\/index.php?rest_route=\/wp\/v2\/types\/post"}],"author":[{"embeddable":true,"href":"http:\/\/solidarisches-magdeburg.org\/index.php?rest_route=\/wp\/v2\/users\/1"}],"replies":[{"embeddable":true,"href":"http:\/\/solidarisches-magdeburg.org\/index.php?rest_route=%2Fwp%2Fv2%2Fcomments&post=1079"}],"version-history":[{"count":3,"href":"http:\/\/solidarisches-magdeburg.org\/index.php?rest_route=\/wp\/v2\/posts\/1079\/revisions"}],"predecessor-version":[{"id":1086,"href":"http:\/\/solidarisches-magdeburg.org\/index.php?rest_route=\/wp\/v2\/posts\/1079\/revisions\/1086"}],"wp:featuredmedia":[{"embeddable":true,"href":"http:\/\/solidarisches-magdeburg.org\/index.php?rest_route=\/wp\/v2\/media\/1069"}],"wp:attachment":[{"href":"http:\/\/solidarisches-magdeburg.org\/index.php?rest_route=%2Fwp%2Fv2%2Fmedia&parent=1079"}],"wp:term":[{"taxonomy":"category","embeddable":true,"href":"http:\/\/solidarisches-magdeburg.org\/index.php?rest_route=%2Fwp%2Fv2%2Fcategories&post=1079"},{"taxonomy":"post_tag","embeddable":true,"href":"http:\/\/solidarisches-magdeburg.org\/index.php?rest_route=%2Fwp%2Fv2%2Ftags&post=1079"}],"curies":[{"name":"wp","href":"https:\/\/api.w.org\/{rel}","templated":true}]}}