{"id":1095,"date":"2025-01-06T01:47:29","date_gmt":"2025-01-06T01:47:29","guid":{"rendered":"http:\/\/solidarisches-magdeburg.org\/?p=1095"},"modified":"2025-01-13T13:27:57","modified_gmt":"2025-01-13T13:27:57","slug":"aktionstag-gegend-den-rechtsruck-fuer-ein-solidarisches-und-demokratisches-magdeburg","status":"publish","type":"post","link":"http:\/\/solidarisches-magdeburg.org\/?p=1095","title":{"rendered":"18.1.2025 &#8211; Aktionstag: Gegend den Rechtsruck &#8211; F\u00fcr ein solidarisches und demokratisches Magdeburg"},"content":{"rendered":"\n<div class=\"wp-block-columns is-layout-flex wp-container-core-columns-is-layout-9d6595d7 wp-block-columns-is-layout-flex\">\n<div class=\"wp-block-column is-layout-flow wp-block-column-is-layout-flow\" style=\"flex-basis:100%\">\n<p><span class=\"_ap3a _aaco _aacu _aacx _aad7 _aade\" dir=\"auto\">Am 18. Januar l\u00e4dt das B\u00fcndnis Solidarische Magdeburg zu einem vielf\u00e4ltigen Aktionstag ein, der zeigt: Magdeburg und Sachsen-Anhalt stehen zusammen gegen Hass und Hetze!<\/span><\/p>\n<p><span class=\"_ap3a _aaco _aacu _aacx _aad7 _aade\" dir=\"auto\"><img loading=\"lazy\" decoding=\"async\" class=\"size-medium wp-image-1098 alignleft\" src=\"http:\/\/solidarisches-magdeburg.org\/wp-content\/uploads\/2025\/01\/signal-2024-12-09-022212-211x300.jpeg\" alt=\"\" width=\"211\" height=\"300\" srcset=\"http:\/\/solidarisches-magdeburg.org\/wp-content\/uploads\/2025\/01\/signal-2024-12-09-022212-211x300.jpeg 211w, http:\/\/solidarisches-magdeburg.org\/wp-content\/uploads\/2025\/01\/signal-2024-12-09-022212-721x1024.jpeg 721w, http:\/\/solidarisches-magdeburg.org\/wp-content\/uploads\/2025\/01\/signal-2024-12-09-022212-768x1090.jpeg 768w, http:\/\/solidarisches-magdeburg.org\/wp-content\/uploads\/2025\/01\/signal-2024-12-09-022212-1082x1536.jpeg 1082w, http:\/\/solidarisches-magdeburg.org\/wp-content\/uploads\/2025\/01\/signal-2024-12-09-022212.jpeg 1409w\" sizes=\"auto, (max-width: 211px) 100vw, 211px\" \/>Wir sind alle noch sehr betroffen von dem schrecklichen Anschlag am 20.12. und wollen in unserer Trauer zusammenstehen und uns gegenseitig unterst\u00fctzen. Gleichzeitig wollen wir zum Ausdruck bringen, dass wir eine solidarische Gesellschaft sind, zu der Menschen aller Nationalit\u00e4ten geh\u00f6ren, die in unserer Stadt leben.<br \/>Rechtsextreme Gruppen haben versucht, das Gedenken an die Opfer des Anschlags f\u00fcr ihren Hass und ihre Hetze zu instrumentalisieren. Das lassen wir nicht zu!<br \/>Genauso wenig lassen wir zu, dass rechtsextreme Gruppen immer wieder versuchen, den 16. Januar 1945 umzudeuten. Anl\u00e4sslich der Bombardierung Magdeburgs vor 80 Jahren gedenken wir der Opfer, sehen aber auch die historische Entwicklung, die zu diesem Ereignis gef\u00fchrt hat. Deshalb setzen wir ein Zeichen f\u00fcr Demokratie, Vielfalt und Solidarit\u00e4t! \u270a<\/span><\/p>\n<p>Warum jetzt?<\/p>\n<p>Die Bundestagswahl steht vor der T\u00fcr, und rechte Kr\u00e4fte versuchen, unsere Gesellschaft zu spalten. Wir setzen dagegen unsere Gemeinschaft!<br \/>Die Massendemonstrationen Anfang 2024 gegen die Deportationspl\u00e4ne der extremen Rechten haben gezeigt, dass wir als Gesellschaft zusammenstehen. Jetzt ist es an der Zeit, erneut aktiv zu werden und f\u00fcr eine inklusive, solidarische Zukunft einzutreten.<\/p>\n<p>Wof\u00fcr wir stehen:<br \/>Sachsen-Anhalt ist ein Land des Zusammenhalts.<br \/>Mit friedlichen Mahnwachen, kreativen Kundgebungen und Kunstaktionen verwandeln wir jede Stadt in einen Ort der Solidarit\u00e4t.<\/p>\n<p>Sei dabei und setze ein Zeichen:<\/p>\n<p>18. Januar: Aktionstag f\u00fcr Vielfalt und Demokratie. Bring Banner, Schilder oder einfach dich selbst mit und mach Magdeburg zu einem bunten Ort des Respekts und der Menschlichkeit.<\/p>\n<p>Teile unseren Aufruf:<br \/>Hilf uns, diesen Tag zu einem kraftvollen Statement zu machen. Verbreite die Botschaft und lade Freund*innen, Familie und Kolleg*innen ein. Gemeinsam stehen wir f\u00fcr eine gerechte Gesellschaft, in der Hass keinen Platz hat.<\/p>\n<p align=\"LEFT\">Unsere Veranstaltungen am 18.1.2025:<\/p>\n<table style=\"height: 2402px;\" border=\"0\" width=\"675\" cellspacing=\"0\" cellpadding=\"2\">\n<tbody>\n<tr>\n<td width=\"43\">\u00a0<\/td>\n<td width=\"151\">\n<p align=\"CENTER\"><b>Ort<br \/>Veranstaltende<\/b><\/p>\n<\/td>\n<td width=\"94\">\n<p align=\"CENTER\"><b>Uhr<\/b><\/p>\n<p align=\"CENTER\"><b>zeit<\/b><\/p>\n<\/td>\n<td valign=\"TOP\" width=\"201\">\n<p align=\"CENTER\"><b><span style=\"font-size: small;\">Inhalt<\/span><\/b><\/p>\n<\/td>\n<\/tr>\n<tr>\n<td width=\"43\">\n<p align=\"LEFT\">1)<\/p>\n<\/td>\n<td width=\"151\">\n<p align=\"LEFT\">Willy-Brandt-Platz:<br \/><em>Fridays for Future<\/em><\/p>\n<\/td>\n<td width=\"94\">\n<p align=\"LEFT\">11,30-21 Uhr<\/p>\n<\/td>\n<td width=\"201\">\n<p align=\"LEFT\">Zukunft ohne Faschismus \u2013 Widerstand f\u00fcr\u2019s Leben!<\/p>\n<\/td>\n<\/tr>\n<tr>\n<td width=\"43\">\n<p align=\"LEFT\">2)<\/p>\n<\/td>\n<td width=\"151\">\n<p align=\"LEFT\">K\u00f6lner Platz<\/p>\n<p align=\"LEFT\"><i>JUSOS<\/i><\/p>\n<\/td>\n<td width=\"94\">\n<p align=\"LEFT\">10-18 Uhr<\/p>\n<\/td>\n<td width=\"201\">\n<p align=\"LEFT\">Mahnwache\/Kundgebung<\/p>\n<\/td>\n<\/tr>\n<tr>\n<td width=\"43\">\n<p align=\"LEFT\">3)<\/p>\n<\/td>\n<td width=\"151\">\n<p align=\"LEFT\">Adenauer Platz<\/p>\n<p align=\"LEFT\"><i>Die Linke<\/i><\/p>\n<\/td>\n<td width=\"94\">\n<p align=\"LEFT\">10-18 Uhr<\/p>\n<\/td>\n<td width=\"201\">\n<p align=\"LEFT\">Mahnwache\/Kundgebung<\/p>\n<\/td>\n<\/tr>\n<tr>\n<td width=\"43\">\n<p align=\"LEFT\">4)<\/p>\n<\/td>\n<td width=\"151\">\n<p align=\"LEFT\">Bahnhof Buckau:<br \/><em>GWA Buckau<\/em><\/p>\n<\/td>\n<td width=\"94\">\n<p align=\"LEFT\">12-18 Uhr<\/p>\n<\/td>\n<td width=\"201\">\n<p align=\"LEFT\">Bunter Bahnhof Buckau<\/p>\n<\/td>\n<\/tr>\n<tr>\n<td width=\"43\">\n<p align=\"LEFT\">5)<\/p>\n<\/td>\n<td width=\"151\">\n<p align=\"LEFT\">Bahnhof Sudenburg:<br \/><em>GWA Sudenburg<\/em><\/p>\n<\/td>\n<td width=\"94\">\n<p align=\"LEFT\">12-17 Uhr<\/p>\n<\/td>\n<td width=\"201\">\n<p align=\"LEFT\">Fest f\u00fcr Demokratie<\/p>\n<\/td>\n<\/tr>\n<tr>\n<td width=\"43\">\n<p align=\"LEFT\">6)<\/p>\n<\/td>\n<td width=\"151\">\n<p align=\"LEFT\">Ambrosiusplatz:<br \/><em>GWA Sudenburg<\/em><\/p>\n<\/td>\n<td width=\"94\">\n<p align=\"LEFT\">12-17 Uhr<\/p>\n<\/td>\n<td width=\"201\">\n<p align=\"LEFT\">Fest f\u00fcr Demokratie<\/p>\n<\/td>\n<\/tr>\n<tr>\n<td width=\"43\">\n<p align=\"LEFT\">7)<\/p>\n<\/td>\n<td width=\"151\">\n<p align=\"LEFT\">Bahnhof Hasselbachplatz: <em>Seebr\u00fccke<\/em><\/p>\n<\/td>\n<td width=\"94\">\n<p align=\"LEFT\">11-18 Uhr<\/p>\n<\/td>\n<td width=\"201\">\n<p align=\"LEFT\">Mahnwache<\/p>\n<\/td>\n<\/tr>\n<tr>\n<td width=\"43\">\n<p align=\"LEFT\">8)<\/p>\n<\/td>\n<td width=\"151\">\n<p align=\"LEFT\">Bahnhof Neustadt:<\/p>\n<p align=\"LEFT\"><i>Verdi Jugend<\/i><\/p>\n<\/td>\n<td width=\"94\">\n<p align=\"LEFT\">11-20 Uhr<\/p>\n<\/td>\n<td width=\"201\">\n<p align=\"LEFT\">Kundgebung<\/p>\n<\/td>\n<\/tr>\n<tr>\n<td width=\"43\">\n<p align=\"LEFT\">9)<\/p>\n<\/td>\n<td width=\"151\">\n<p align=\"LEFT\">Bahnhof Herrenkrug<\/p>\n<p align=\"LEFT\"><i>Stura H2<\/i><\/p>\n<\/td>\n<td width=\"94\">\n<p align=\"LEFT\">12-18 Uhr<\/p>\n<\/td>\n<td width=\"201\">\n<p align=\"LEFT\">Mahnwache<\/p>\n<\/td>\n<\/tr>\n<tr>\n<td width=\"43\">\n<p align=\"LEFT\">10)<\/p>\n<\/td>\n<td width=\"151\">\n<p align=\"LEFT\">Domplatz:<br \/><em>Domgemeinde Magdeburg<\/em><\/p>\n<\/td>\n<td width=\"94\">\n<p align=\"LEFT\">10-18 Uhr<\/p>\n<\/td>\n<td width=\"201\">\n<p align=\"LEFT\">Mahnwache vor dem Dom<\/p>\n<\/td>\n<\/tr>\n<tr>\n<td width=\"43\">\n<p align=\"LEFT\">11)<\/p>\n<\/td>\n<td width=\"151\">\n<p align=\"LEFT\">Allee-Center-Kreuzung:<br \/><em>CSD e.V.<\/em><\/p>\n<\/td>\n<td width=\"94\">\n<p align=\"LEFT\">16-20 Uhr<\/p>\n<\/td>\n<td width=\"201\">\n<p align=\"LEFT\">Eine Stadt f\u00fcr Alle unterm Regenbogen<\/p>\n<\/td>\n<\/tr>\n<tr>\n<td width=\"43\">\n<p align=\"LEFT\">12)<\/p>\n<\/td>\n<td width=\"151\">\n<p align=\"LEFT\">Nicolaiplatz:<br \/><em>Evangelische St. Nicolai-Gemeinde<\/em><\/p>\n<\/td>\n<td width=\"94\">\n<p align=\"LEFT\">15-18 Uhr<\/p>\n<\/td>\n<td width=\"201\">\n<p align=\"LEFT\">Mahnwache<\/p>\n<\/td>\n<\/tr>\n<tr>\n<td width=\"43\">\n<p align=\"LEFT\">13)<\/p>\n<\/td>\n<td width=\"151\">\n<p align=\"LEFT\">An der Hauptwache:<br \/><em>GR\u00dcNE Magdeburg<\/em><\/p>\n<\/td>\n<td width=\"94\">\n<p align=\"LEFT\">14-18 Uhr<\/p>\n<\/td>\n<td width=\"201\">\n<p align=\"LEFT\">Kundgebung: Gr\u00fcne f\u00fcr ein Weltoffenes Magdeburg<\/p>\n<\/td>\n<\/tr>\n<tr>\n<td width=\"43\">\n<p align=\"LEFT\">14)<\/p>\n<\/td>\n<td width=\"151\">\n<p align=\"LEFT\">Alter Markt:<br \/><em>Schulen ohne Rassismus<\/em><\/p>\n<\/td>\n<td width=\"94\">\n<p align=\"LEFT\">11-15 Uhr<\/p>\n<\/td>\n<td width=\"201\">\n<p align=\"LEFT\">Schulmeile der Schulen mit Courage und gegen Rassismus<\/p>\n<\/td>\n<\/tr>\n<tr>\n<td width=\"43\">\n<p align=\"LEFT\">15)<\/p>\n<\/td>\n<td width=\"151\">\n<p align=\"LEFT\">Johanniskirche:<br \/><em>Politischer Runder Tisch der Frauen<\/em><\/p>\n<\/td>\n<td width=\"94\">\n<p align=\"LEFT\">14.30-16.00 Uhr<\/p>\n<\/td>\n<td width=\"201\">\n<p align=\"LEFT\">Mahnwache am Denkmal der Tr\u00fcmmerfrauen<\/p>\n<\/td>\n<\/tr>\n<tr>\n<td width=\"43\">\n<p align=\"LEFT\">16)<\/p>\n<\/td>\n<td width=\"151\">\n<p align=\"LEFT\">Stadtfeld, Pauluskirche:<br \/><em>Ev. Kirchspiel Magdeburg West<\/em><\/p>\n<\/td>\n<td width=\"94\">\n<p align=\"LEFT\">15 Uhr<\/p>\n<\/td>\n<td width=\"201\">\n<p align=\"LEFT\">Friedensweg von der Paulusgemeinde zur Matth\u00e4usgemeinde<\/p>\n<\/td>\n<\/tr>\n<tr>\n<td width=\"43\">\n<p align=\"LEFT\">17)<\/p>\n<\/td>\n<td width=\"151\">\n<p align=\"LEFT\">Innenstadt, St. Petri Kirche<\/p>\n<\/td>\n<td width=\"94\">\n<p align=\"LEFT\">15 Uhr<\/p>\n<\/td>\n<td width=\"201\">\n<p align=\"LEFT\">Interreligi\u00f6ser Vers\u00f6hnungsweg von den \u00d6kumenischen H\u00f6fen zu St. Sebastian \u00fcber Johanniskirche, Neue Synagogen, Synagogen-Denkmal, Forum Gestaltung, Dom<\/p>\n<\/td>\n<\/tr>\n<tr>\n<td width=\"43\">\n<p align=\"LEFT\">18)<\/p>\n<\/td>\n<td width=\"151\">\n<p align=\"LEFT\">Synagogen-Denkmal<\/p>\n<p align=\"LEFT\">und Neue Synagoge:<br \/><em>Oldies for Future<\/em><\/p>\n<\/td>\n<td width=\"94\">\n<p align=\"LEFT\">14-16 Uhr<\/p>\n<\/td>\n<td width=\"201\">\n<p align=\"LEFT\">Mahnwache \u201eGegen Antisemitismus \u2013 f\u00fcr Weltoffenheit und Toleranz\u201c<\/p>\n<\/td>\n<\/tr>\n<tr>\n<td width=\"43\">\n<p align=\"LEFT\">19)<\/p>\n<\/td>\n<td width=\"151\">\n<p align=\"LEFT\">Westfriedhof:<em>VCD<\/em><\/p>\n<\/td>\n<td width=\"94\">\n<p align=\"LEFT\">10-18 Uhr<\/p>\n<\/td>\n<td width=\"201\">\n<p align=\"LEFT\">Mahnwache<\/p>\n<\/td>\n<\/tr>\n<tr>\n<td width=\"43\">\n<p align=\"LEFT\">20)<\/p>\n<\/td>\n<td width=\"151\">\n<p align=\"LEFT\">Bhf. Eichenweiler\/<\/p>\n<p align=\"LEFT\">Pettenkofer Br\u00fccke:<br \/><em>BI Offene Heide<\/em><\/p>\n<\/td>\n<td width=\"94\">\n<p align=\"LEFT\">12-16 Uhr<\/p>\n<\/td>\n<td width=\"201\">\n<p align=\"LEFT\">Mahnwache<\/p>\n<\/td>\n<\/tr>\n<tr>\n<td width=\"43\">\n<p align=\"LEFT\">21)<\/p>\n<\/td>\n<td width=\"151\">\n<p align=\"LEFT\">Otto-v.-Guericke Stra\u00dfe 6\/Gewerkschaftshaus: <em>DGB<\/em><\/p>\n<\/td>\n<td width=\"94\">\n<p align=\"LEFT\">14-18 Uhr<\/p>\n<\/td>\n<td width=\"201\">\n<p align=\"LEFT\"><a href=\"https:\/\/www.einestadtfueralle.info\/fat-event\/mahnwache-der-gewerkschaften\/?sd=1737208800&amp;ed=1737223200\"><span style=\"color: #000000;\">Mahnwache der Gewerkschaften f\u00fcr Vielfalt, Solidarit\u00e4t und Demokratie <\/span><\/a><\/p>\n<\/td>\n<\/tr>\n<tr>\n<td width=\"43\">\n<p align=\"LEFT\">22)<\/p>\n<\/td>\n<td width=\"151\">\n<p align=\"LEFT\">Buckau, HOT Alte Bude:<br \/><em>Landesjugendwerk der AWO\/ AWO KV<\/em><\/p>\n<\/td>\n<td width=\"94\">\n<p align=\"LEFT\">ab 19 Uhr<\/p>\n<\/td>\n<td width=\"201\">\n<p align=\"LEFT\">Block Party<\/p>\n<\/td>\n<\/tr>\n<\/tbody>\n<\/table>\n<table border=\"0\" width=\"675\" cellspacing=\"0\" cellpadding=\"2\">\n<tbody>\n<tr>\n<td width=\"43\">\n<p align=\"LEFT\">23)<\/p>\n<\/td>\n<td width=\"151\">\n<p align=\"LEFT\">Innenstadt: Brandenburger Str. 9: <em>LAMSA<\/em><\/p>\n<\/td>\n<td width=\"94\">\n<p align=\"LEFT\">ab 14 Uhr<\/p>\n<\/td>\n<td width=\"201\">\n<p align=\"LEFT\">Demokratischer Spaziergang<\/p>\n<\/td>\n<\/tr>\n<\/tbody>\n<\/table>\n<p align=\"LEFT\">Hier findet ihr alle Veranstaltungen der Aktionswoche \u201e<a href=\"https:\/\/www.einestadtfueralle.info\/aktionswoche-eine-stadt-fuer-alle\/\">Eine Stadt f\u00fcr Alle<\/a>\u201c, welche vom 16. bis 27.1.2025 stattfinden.<\/p>\n<\/div>\n<\/div>\n","protected":false},"excerpt":{"rendered":"<p>Am 18. Januar l\u00e4dt das B\u00fcndnis Solidarische Magdeburg zu einem vielf\u00e4ltigen Aktionstag ein, der zeigt: Magdeburg und Sachsen-Anhalt stehen zusammen gegen Hass und Hetze! Wir sind alle noch sehr betroffen von dem schrecklichen Anschlag am 20.12. und wollen in unserer Trauer zusammenstehen und uns gegenseitig unterst\u00fctzen. Gleichzeitig wollen wir zum Ausdruck bringen, dass wir eine &hellip; <\/p>\n<p class=\"link-more\"><a href=\"http:\/\/solidarisches-magdeburg.org\/?p=1095\" class=\"more-link\"><span class=\"screen-reader-text\">\u201e18.1.2025 &#8211; Aktionstag: Gegend den Rechtsruck &#8211; F\u00fcr ein solidarisches und demokratisches Magdeburg\u201c<\/span> weiterlesen<\/a><\/p>\n","protected":false},"author":1,"featured_media":1096,"comment_status":"open","ping_status":"open","sticky":false,"template":"","format":"standard","meta":{"footnotes":""},"categories":[7,28],"tags":[8,13,23,18,19,12],"class_list":["post-1095","post","type-post","status-publish","format-standard","has-post-thumbnail","hentry","category-news","category-pressemitteilung","tag-16-januar","tag-eine-stadt-fuer-alle","tag-nie-wieder","tag-rechtsruck","tag-solidaritaet","tag-weltoffenes-magdeburg"],"_links":{"self":[{"href":"http:\/\/solidarisches-magdeburg.org\/index.php?rest_route=\/wp\/v2\/posts\/1095","targetHints":{"allow":["GET"]}}],"collection":[{"href":"http:\/\/solidarisches-magdeburg.org\/index.php?rest_route=\/wp\/v2\/posts"}],"about":[{"href":"http:\/\/solidarisches-magdeburg.org\/index.php?rest_route=\/wp\/v2\/types\/post"}],"author":[{"embeddable":true,"href":"http:\/\/solidarisches-magdeburg.org\/index.php?rest_route=\/wp\/v2\/users\/1"}],"replies":[{"embeddable":true,"href":"http:\/\/solidarisches-magdeburg.org\/index.php?rest_route=%2Fwp%2Fv2%2Fcomments&post=1095"}],"version-history":[{"count":8,"href":"http:\/\/solidarisches-magdeburg.org\/index.php?rest_route=\/wp\/v2\/posts\/1095\/revisions"}],"predecessor-version":[{"id":1132,"href":"http:\/\/solidarisches-magdeburg.org\/index.php?rest_route=\/wp\/v2\/posts\/1095\/revisions\/1132"}],"wp:featuredmedia":[{"embeddable":true,"href":"http:\/\/solidarisches-magdeburg.org\/index.php?rest_route=\/wp\/v2\/media\/1096"}],"wp:attachment":[{"href":"http:\/\/solidarisches-magdeburg.org\/index.php?rest_route=%2Fwp%2Fv2%2Fmedia&parent=1095"}],"wp:term":[{"taxonomy":"category","embeddable":true,"href":"http:\/\/solidarisches-magdeburg.org\/index.php?rest_route=%2Fwp%2Fv2%2Fcategories&post=1095"},{"taxonomy":"post_tag","embeddable":true,"href":"http:\/\/solidarisches-magdeburg.org\/index.php?rest_route=%2Fwp%2Fv2%2Ftags&post=1095"}],"curies":[{"name":"wp","href":"https:\/\/api.w.org\/{rel}","templated":true}]}}