{"id":111,"date":"2020-12-17T12:01:04","date_gmt":"2020-12-17T12:01:04","guid":{"rendered":"http:\/\/solidarisches-magdeburg.org\/?p=111"},"modified":"2023-05-12T22:02:33","modified_gmt":"2023-05-12T22:02:33","slug":"aufruf-zu-protesten-blockaden-gegen-den-nazi-gedenkmarsch-am-16-januar-2021-in-magdeburg","status":"publish","type":"post","link":"http:\/\/solidarisches-magdeburg.org\/?p=111","title":{"rendered":"AUFRUF ZU PROTESTEN &amp; BLOCKADEN GEGEN DEN NAZI-&#8222;GEDENKMARSCH&#8220; AM 16. JANUAR 2021 IN MAGDEBURG"},"content":{"rendered":"\n<p><\/p>\n\n\n\n<p><\/p>\n\n\n\n<p><\/p>\n\n\n\n<p><\/p>\n\n\n\n<h2 class=\"wp-block-heading\">AUFRUF ZU PROTESTEN &amp; BLOCKADEN GEGEN DEN NAZI-&#8222;GEDENKMARSCH&#8220; AM 16. JANUAR 2021 IN MAGDEBURG<\/h2>\n\n\n\n<p>Auch im Jahr 2021 wollen Nazis am 16. Januar, dem Jahrestag der Bombardierung der Stadt Magdeburg 1945, einen sogenannten &#8222;Gedenkmarsch&#8220; veranstalten. Traditionell versuchen Neonazi-Gruppen, eine Verkl\u00e4rung der Gr\u00e4ueltaten des nationalsozialistischen Regimes vorzunehmen und die deutsche Bev\u00f6lkerung als alleiniges Opfer eines alliierten &#8222;Bombenterrors&#8220; darzustellen. Wir wissen, dass es sich dabei um eine gezielte Umdeutung der Geschichte handelt und stellen uns der rechten Vereinnahmung dieses Tages entgegen. Die letzten Monate haben gezeigt, dass wir niemals aufh\u00f6ren d\u00fcrfen, gegen rechte Mobilisierungen anzuk\u00e4mpfen.<\/p>\n\n\n\n<p>Gerade in dem herausfordernden Jahr 2020, das uns alle mit der Covid-19 Pandemie und ihren Folgen konfrontiert, konnten rechtsextreme Gruppen und Organisationen im Rahmen der von antisemitischen Verschw\u00f6rungsmythen getriebenen &#8222;Querdenken&#8220;-Bewegung eine weitere B\u00fchne f\u00fcr ihr menschenverachtendes Gedankengut finden. So war die &#8222;Corona-Demo&#8220; in Leipzig Anfang November, zu der Neonazis massiv mobilisierten und bei der unter anderem Journalist*innen angegriffen wurden, kein Einzelfall. Vor allem Berlin wurde zum Zentrum der Aktionen dieser verkl\u00e4rten Bewegung.<\/p>\n\n\n\n<p>Ende August schwenkten Nazis &#8222;Reichsflaggen&#8220; vor dem Reichstagsgeb\u00e4ude, nachdem die Heilpraktikerin Tamara K. zu einem &#8222;Sturm auf den Reichstag&#8220; aufgerufen hatte. Auch der rechtsterroristische Anschlag von Hanau, bei dem am 19. Februar 2020 zehn Menschen ermordet wurden sowie der rechtsterroristische Anschlag in Halle am 9. Oktober letzten Jahres mit zwei ermordeten Menschen zeigen Deutschlands Problem mit rechter Gewalt und rechtem Terror. Die inzwischen fast t\u00e4glichen Berichte von rechtsextremem Gedankengut in Messenger-Gruppen der Polizei, auch in Sachsen-Anhalt, und der Skandal um einen Waffenfund auf dem Privatgrundst\u00fcck eines Soldaten der KSK-Sondereinheit der Bundeswehr, f\u00fcgen sich in dieses Bild ein.<\/p>\n\n\n\n<p>Das B\u00fcndnis Solidarisches Magdeburg will am 16. Januar daher klare Kante gegen Rechts zeigen und mit einem starken und vielf\u00e4ltigen Gegenprotest deutlich machen, dass hier kein Platz f\u00fcr rassistische, nationalistische, antisemitische oder andere menschenfeindliche Einstellungen ist. Daf\u00fcr rufen wir zu verschiedenen Protestformen wie Mahnwachen, Kungebungen und auch friedlichen Blockaden auf.<br>Die genauen Veranstaltungen findet ihr mit regelm\u00e4\u00dfiger Aktualisierung <a href=\"https:\/\/www.facebook.com\/events\/813183429537279\/\">bei Facebook<\/a>.<\/p>\n\n\n\n<p>Bleibt gesund und zeigt euch am 15. &amp; 16. Januar solidarisch!<\/p>\n\n\n\n<p><a href=\"https:\/\/www.facebook.com\/events\/813183429537279\/\">https:\/\/www.facebook.com\/events\/813183429537279\/<\/a><br><\/p>\n","protected":false},"excerpt":{"rendered":"<p>AUFRUF ZU PROTESTEN &amp; BLOCKADEN GEGEN DEN NAZI-&#8222;GEDENKMARSCH&#8220; AM 16. JANUAR 2021 IN MAGDEBURG Auch im Jahr 2021 wollen Nazis am 16. Januar, dem Jahrestag der Bombardierung der Stadt Magdeburg 1945, einen sogenannten &#8222;Gedenkmarsch&#8220; veranstalten. Traditionell versuchen Neonazi-Gruppen, eine Verkl\u00e4rung der Gr\u00e4ueltaten des nationalsozialistischen Regimes vorzunehmen und die deutsche Bev\u00f6lkerung als alleiniges Opfer eines alliierten &hellip; <\/p>\n<p class=\"link-more\"><a href=\"http:\/\/solidarisches-magdeburg.org\/?p=111\" class=\"more-link\"><span class=\"screen-reader-text\">\u201eAUFRUF ZU PROTESTEN &amp; BLOCKADEN GEGEN DEN NAZI-&#8222;GEDENKMARSCH&#8220; AM 16. JANUAR 2021 IN MAGDEBURG\u201c<\/span> weiterlesen<\/a><\/p>\n","protected":false},"author":1,"featured_media":147,"comment_status":"open","ping_status":"open","sticky":false,"template":"","format":"standard","meta":{"footnotes":""},"categories":[1],"tags":[],"class_list":["post-111","post","type-post","status-publish","format-standard","has-post-thumbnail","hentry","category-uncategorized"],"_links":{"self":[{"href":"http:\/\/solidarisches-magdeburg.org\/index.php?rest_route=\/wp\/v2\/posts\/111","targetHints":{"allow":["GET"]}}],"collection":[{"href":"http:\/\/solidarisches-magdeburg.org\/index.php?rest_route=\/wp\/v2\/posts"}],"about":[{"href":"http:\/\/solidarisches-magdeburg.org\/index.php?rest_route=\/wp\/v2\/types\/post"}],"author":[{"embeddable":true,"href":"http:\/\/solidarisches-magdeburg.org\/index.php?rest_route=\/wp\/v2\/users\/1"}],"replies":[{"embeddable":true,"href":"http:\/\/solidarisches-magdeburg.org\/index.php?rest_route=%2Fwp%2Fv2%2Fcomments&post=111"}],"version-history":[{"count":13,"href":"http:\/\/solidarisches-magdeburg.org\/index.php?rest_route=\/wp\/v2\/posts\/111\/revisions"}],"predecessor-version":[{"id":244,"href":"http:\/\/solidarisches-magdeburg.org\/index.php?rest_route=\/wp\/v2\/posts\/111\/revisions\/244"}],"wp:featuredmedia":[{"embeddable":true,"href":"http:\/\/solidarisches-magdeburg.org\/index.php?rest_route=\/wp\/v2\/media\/147"}],"wp:attachment":[{"href":"http:\/\/solidarisches-magdeburg.org\/index.php?rest_route=%2Fwp%2Fv2%2Fmedia&parent=111"}],"wp:term":[{"taxonomy":"category","embeddable":true,"href":"http:\/\/solidarisches-magdeburg.org\/index.php?rest_route=%2Fwp%2Fv2%2Fcategories&post=111"},{"taxonomy":"post_tag","embeddable":true,"href":"http:\/\/solidarisches-magdeburg.org\/index.php?rest_route=%2Fwp%2Fv2%2Ftags&post=111"}],"curies":[{"name":"wp","href":"https:\/\/api.w.org\/{rel}","templated":true}]}}