{"id":1259,"date":"2026-01-21T21:55:05","date_gmt":"2026-01-21T21:55:05","guid":{"rendered":"https:\/\/solidarisches-magdeburg.org\/?p=1259"},"modified":"2026-01-21T21:55:05","modified_gmt":"2026-01-21T21:55:05","slug":"pressemitteilung-aktionstag-kein-platz-fuer-ausgrenzung-magdeburg-bleibt-weltoffen","status":"publish","type":"post","link":"http:\/\/solidarisches-magdeburg.org\/?p=1259","title":{"rendered":"Pressemitteilung: Aktionstag &#8222;Kein Platz f\u00fcr Ausgrenzung &#8211; Magdeburg bleibt weltoffen!&#8220;"},"content":{"rendered":"<p>Am 17.1.2026 lud das Solidarische Magdeburg zu einem vielf\u00e4ltigen Aktionstag ein unter dem<br \/>\nMotto &#8222;Kein Platz f\u00fcr Ausgrenzung &#8211; Magdeburg bleibt weltoffen!&#8220;<br \/>\nBei den 27 Aktionen an den verschiedensten Orten der Stadt nahmen gut 1000 Menschen teil. Es<br \/>\nbegann mit einer Auftaktkundgebung des Solidarischen Magdeburg auf dem Willy-Brandt-Platz mit<br \/>\nRedebeitr\u00e4gen zivilgesellschaftlicher Gruppen, kulturellen Beitr\u00e4gen der Hengstmann Br\u00fcder und<br \/>\nvon K\u00fcnstler:innen des Puppentheaters. Zum Tanzen lud die Trommelmusik der Gruppe &#8222;Rhythms<br \/>\nof Resistance&#8220; ein, deren TeilnehmerInnen aus Braunschweig, Halle, Leipzig, Dresden, Erlangen<br \/>\nund N\u00fcrnberg angereist waren.<\/p>\n<p>Auf dem Alten Markt hatte das Weltoffene Magdeburg eine Bannergalerie mit Botschaften f\u00fcr eine<br \/>\nvielf\u00e4ltige, demokratische und tolerante Gesellschaft aufgebaut.<br \/>\nDes weiteren gab es Stadtteilfeste der Gemeinwesen-Arbeitsgruppen in Buckau und Sudenburg,<br \/>\neine Kundgebung der Verdi-Jugend vor dem Neust\u00e4dter Bahnhof und der Seebr\u00fccke auf dem<br \/>\nHasselbachplatz, Mahnwachen vor dem Dom, vor der Johanniskirche, am Synagogen-Denkmal und<br \/>\nauf dem Nicolaiplatz. Die Kirchengemeinden in Stadtfeld luden zu einem Friedensweg von der<br \/>\nPaulus- zur Matth\u00e4usgemeinde ein. In der Innenstadt gab es einen Interreligi\u00f6ser Weg der<br \/>\nverschiedenen Religionsgemeinschaften von der St. Petri-Kirche \u00fcber verschiedene Stationen,<br \/>\nvorbei an der Neuen Synagoge und dem Synagogenmahnmal zum Dom und zu St. Sebastian.<br \/>\nDer CSD lud zu einem Podium mit dem Thema &#8222;W\u00e4hl Liebe&#8220; ein und zum Abschluss des Tages<br \/>\nfand die traditionelle &#8222;Block Party&#8220; im HOT statt.<br \/>\nDer Aktionstag war ein starkes Zeichen der Magdeburger Zivilgesellschaft f\u00fcr Vielfalt,<br \/>\nWeltoffenheit und Toleranz.<\/p>\n<p><img loading=\"lazy\" decoding=\"async\" class=\"size-medium wp-image-1260 alignleft\" src=\"http:\/\/solidarisches-magdeburg.org\/wp-content\/uploads\/2026\/01\/signal-2026-01-18-221436_002-200x300.jpeg\" alt=\"\" width=\"200\" height=\"300\" srcset=\"http:\/\/solidarisches-magdeburg.org\/wp-content\/uploads\/2026\/01\/signal-2026-01-18-221436_002-200x300.jpeg 200w, http:\/\/solidarisches-magdeburg.org\/wp-content\/uploads\/2026\/01\/signal-2026-01-18-221436_002-682x1024.jpeg 682w, http:\/\/solidarisches-magdeburg.org\/wp-content\/uploads\/2026\/01\/signal-2026-01-18-221436_002-768x1152.jpeg 768w, http:\/\/solidarisches-magdeburg.org\/wp-content\/uploads\/2026\/01\/signal-2026-01-18-221436_002.jpeg 853w\" sizes=\"auto, (max-width: 200px) 100vw, 200px\" \/><\/p>\n<p><img loading=\"lazy\" decoding=\"async\" class=\"size-medium wp-image-1261 alignleft\" src=\"http:\/\/solidarisches-magdeburg.org\/wp-content\/uploads\/2026\/01\/signal-2026-01-18-221436_003-200x300.jpeg\" alt=\"\" width=\"200\" height=\"300\" srcset=\"http:\/\/solidarisches-magdeburg.org\/wp-content\/uploads\/2026\/01\/signal-2026-01-18-221436_003-200x300.jpeg 200w, http:\/\/solidarisches-magdeburg.org\/wp-content\/uploads\/2026\/01\/signal-2026-01-18-221436_003-682x1024.jpeg 682w, http:\/\/solidarisches-magdeburg.org\/wp-content\/uploads\/2026\/01\/signal-2026-01-18-221436_003-768x1152.jpeg 768w, http:\/\/solidarisches-magdeburg.org\/wp-content\/uploads\/2026\/01\/signal-2026-01-18-221436_003.jpeg 853w\" sizes=\"auto, (max-width: 200px) 100vw, 200px\" \/><\/p>\n<p><img loading=\"lazy\" decoding=\"async\" class=\"size-medium wp-image-1262 alignleft\" src=\"http:\/\/solidarisches-magdeburg.org\/wp-content\/uploads\/2026\/01\/signal-2026-01-18-221436_004-200x300.jpeg\" alt=\"\" width=\"200\" height=\"300\" srcset=\"http:\/\/solidarisches-magdeburg.org\/wp-content\/uploads\/2026\/01\/signal-2026-01-18-221436_004-200x300.jpeg 200w, http:\/\/solidarisches-magdeburg.org\/wp-content\/uploads\/2026\/01\/signal-2026-01-18-221436_004-682x1024.jpeg 682w, http:\/\/solidarisches-magdeburg.org\/wp-content\/uploads\/2026\/01\/signal-2026-01-18-221436_004-768x1152.jpeg 768w, http:\/\/solidarisches-magdeburg.org\/wp-content\/uploads\/2026\/01\/signal-2026-01-18-221436_004.jpeg 853w\" sizes=\"auto, (max-width: 200px) 100vw, 200px\" \/><\/p>\n<p>&nbsp;<\/p>\n<p>&nbsp;<\/p>\n<p>&nbsp;<\/p>\n<p>&nbsp;<\/p>\n<p>&nbsp;<\/p>\n<p>&nbsp;<\/p>\n","protected":false},"excerpt":{"rendered":"<p>Am 17.1.2026 lud das Solidarische Magdeburg zu einem vielf\u00e4ltigen Aktionstag ein unter dem Motto &#8222;Kein Platz f\u00fcr Ausgrenzung &#8211; Magdeburg bleibt weltoffen!&#8220; Bei den 27 Aktionen an den verschiedensten Orten der Stadt nahmen gut 1000 Menschen teil. Es begann mit einer Auftaktkundgebung des Solidarischen Magdeburg auf dem Willy-Brandt-Platz mit Redebeitr\u00e4gen zivilgesellschaftlicher Gruppen, kulturellen Beitr\u00e4gen der &hellip; <\/p>\n<p class=\"link-more\"><a href=\"http:\/\/solidarisches-magdeburg.org\/?p=1259\" class=\"more-link\"><span class=\"screen-reader-text\">\u201ePressemitteilung: Aktionstag &#8222;Kein Platz f\u00fcr Ausgrenzung &#8211; Magdeburg bleibt weltoffen!&#8220;\u201c<\/span> weiterlesen<\/a><\/p>\n","protected":false},"author":1,"featured_media":1263,"comment_status":"open","ping_status":"open","sticky":false,"template":"","format":"standard","meta":{"footnotes":""},"categories":[28],"tags":[8,13,21,42,23,12],"class_list":["post-1259","post","type-post","status-publish","format-standard","has-post-thumbnail","hentry","category-pressemitteilung","tag-16-januar","tag-eine-stadt-fuer-alle","tag-kundgebung","tag-mahnwache","tag-nie-wieder","tag-weltoffenes-magdeburg"],"_links":{"self":[{"href":"http:\/\/solidarisches-magdeburg.org\/index.php?rest_route=\/wp\/v2\/posts\/1259","targetHints":{"allow":["GET"]}}],"collection":[{"href":"http:\/\/solidarisches-magdeburg.org\/index.php?rest_route=\/wp\/v2\/posts"}],"about":[{"href":"http:\/\/solidarisches-magdeburg.org\/index.php?rest_route=\/wp\/v2\/types\/post"}],"author":[{"embeddable":true,"href":"http:\/\/solidarisches-magdeburg.org\/index.php?rest_route=\/wp\/v2\/users\/1"}],"replies":[{"embeddable":true,"href":"http:\/\/solidarisches-magdeburg.org\/index.php?rest_route=%2Fwp%2Fv2%2Fcomments&post=1259"}],"version-history":[{"count":2,"href":"http:\/\/solidarisches-magdeburg.org\/index.php?rest_route=\/wp\/v2\/posts\/1259\/revisions"}],"predecessor-version":[{"id":1269,"href":"http:\/\/solidarisches-magdeburg.org\/index.php?rest_route=\/wp\/v2\/posts\/1259\/revisions\/1269"}],"wp:featuredmedia":[{"embeddable":true,"href":"http:\/\/solidarisches-magdeburg.org\/index.php?rest_route=\/wp\/v2\/media\/1263"}],"wp:attachment":[{"href":"http:\/\/solidarisches-magdeburg.org\/index.php?rest_route=%2Fwp%2Fv2%2Fmedia&parent=1259"}],"wp:term":[{"taxonomy":"category","embeddable":true,"href":"http:\/\/solidarisches-magdeburg.org\/index.php?rest_route=%2Fwp%2Fv2%2Fcategories&post=1259"},{"taxonomy":"post_tag","embeddable":true,"href":"http:\/\/solidarisches-magdeburg.org\/index.php?rest_route=%2Fwp%2Fv2%2Ftags&post=1259"}],"curies":[{"name":"wp","href":"https:\/\/api.w.org\/{rel}","templated":true}]}}