{"id":943,"date":"2024-01-29T23:40:56","date_gmt":"2024-01-29T23:40:56","guid":{"rendered":"http:\/\/solidarisches-magdeburg.org\/?p=943"},"modified":"2024-01-29T23:40:56","modified_gmt":"2024-01-29T23:40:56","slug":"grossdemonstration-unter-dem-motto-gemeinsam-gegen-rassismus-am-4-februar-2024","status":"publish","type":"post","link":"http:\/\/solidarisches-magdeburg.org\/?p=943","title":{"rendered":"Gro\u00dfdemonstration unter dem Motto \u201eGemeinsam gegen Rassismus\u201c am 4. Februar 2024"},"content":{"rendered":"<div data-contents=\"true\">\n<div class=\"\" data-block=\"true\" data-editor=\"d2ni5\" data-offset-key=\"7c4pp-0-0\">\n<div class=\"_1mf _1mj\" data-offset-key=\"7c4pp-0-0\"><span data-offset-key=\"7c4pp-0-0\">Zum 04. Februar mobilisiert das B\u00fcndnis \u201eMagdeburg steht auf\u201c zu einer Gro\u00dfdemonstration unter dem Motto \u201eGemeinsam gegen Rassismus\u201c zu 16:00 Uhr auf den Willy-Brandt-Platz.<\/span><\/div>\n<\/div>\n<div class=\"\" data-block=\"true\" data-editor=\"d2ni5\" data-offset-key=\"f7eij-0-0\">\n<div class=\"_1mf _1mj\" data-offset-key=\"f7eij-0-0\"><span data-offset-key=\"f7eij-0-0\">\u00a0<\/span><\/div>\n<\/div>\n<div class=\"\" data-block=\"true\" data-editor=\"d2ni5\" data-offset-key=\"fatuo-0-0\">\n<div class=\"_1mf _1mj\" data-offset-key=\"fatuo-0-0\"><span data-offset-key=\"fatuo-0-0\">Vertreter:innen verschiedener studentischer Verb\u00e4nde und antirassistischer Initiativen, als auch Gewerkschaftler:innen des deutschen Gewerkschaftbundes haben ihre Teilnahme am Protest angek\u00fcndigt. Im Kontext der aktuell anhaltenden, bundesweiten Proteste, die anl\u00e4sslich der Ver\u00f6ffentlichung der Correctiv-Recherche, entfachten, soll auch in Magdeburg ein zivilgesellschaftliches Zeichen gegen den Rechtsruck gesetzt werden: \u201eWir wollen verschiedene Menschen aus den unterschiedlichsten Milieus auf die Stra\u00dfe bringen und ein Zeichen gegen Ausgrenzung und Rassismus, f\u00fcr Solidarit\u00e4t und eine offene Gesellschaft setzen\u201c, so Leon Bahnik, Mitorganisator der Proteste.<\/span><\/div>\n<\/div>\n<div class=\"\" data-block=\"true\" data-editor=\"d2ni5\" data-offset-key=\"8lcvf-0-0\">\n<div class=\"_1mf _1mj\" data-offset-key=\"8lcvf-0-0\"><span data-offset-key=\"8lcvf-0-0\">\u00a0<\/span><\/div>\n<\/div>\n<div class=\"\" data-block=\"true\" data-editor=\"d2ni5\" data-offset-key=\"7us9c-0-0\">\n<div class=\"_1mf _1mj\" data-offset-key=\"7us9c-0-0\"><span data-offset-key=\"7us9c-0-0\">Im Aufruf des B\u00fcndnisses hei\u00dft es:<\/span><\/div>\n<\/div>\n<div class=\"\" data-block=\"true\" data-editor=\"d2ni5\" data-offset-key=\"16vbi-0-0\">\n<div class=\"_1mf _1mj\" data-offset-key=\"16vbi-0-0\"><span data-offset-key=\"16vbi-0-0\">\u201eImmer wieder kommt es auch in Magdeburg zu fremdenfeindlichen \u00dcbergriffen. So erst am 19. Januar diesen Jahres in der Neustadt. Ein Rassist greift mehrere Menschen an, nur weil sie nicht Deutsch genug aussahen. Keine Einzelf\u00e4lle, rechte Gewalt befindet sich in einer Hochkonjunktur. Parallel dazu sagte der Landtagspr\u00e4sident Sachsen-Anhalts, Gunnar Schellenberger (CDU), eine f\u00fcr den 27.01., dem Tag des Gedenkens an die Opfer des Nationalsozialismus, angedachte Gedenkkundgebung ab.<\/span><\/div>\n<\/div>\n<div class=\"\" data-block=\"true\" data-editor=\"d2ni5\" data-offset-key=\"er5u1-0-0\">\n<div class=\"_1mf _1mj\" data-offset-key=\"er5u1-0-0\"><span data-offset-key=\"er5u1-0-0\">\u00a0<\/span><\/div>\n<\/div>\n<div class=\"\" data-block=\"true\" data-editor=\"d2ni5\" data-offset-key=\"4uoqn-0-0\">\n<div class=\"_1mf _1mj\" data-offset-key=\"4uoqn-0-0\"><span data-offset-key=\"4uoqn-0-0\">\u201eHalt wach dein Ged\u00e4chtnis\u201c, die Aufschrift am Zugang zu den Gr\u00e4bern des Westfriedhofs, ein Weckruf f\u00fcr uns alle, aktiv zu werden!<\/span><\/div>\n<\/div>\n<div class=\"\" data-block=\"true\" data-editor=\"d2ni5\" data-offset-key=\"944rh-0-0\">\n<div class=\"_1mf _1mj\" data-offset-key=\"944rh-0-0\"><span data-offset-key=\"944rh-0-0\">Es liegt an uns, der Gesellschaft, eine politische Kehrtwende einzufordern und den Raum f\u00fcr solidarische, gemeinsame Krisenl\u00f6sungen zu \u00f6ffnen, um den Schwur von Buchenwald \u2013 \u201eNie wieder Faschismus\u201c \u2013 gerecht zu werden: Nie wieder Faschismus, das ist keine Phrase, sondern eine Aufforderung zum Handeln!\u201c<\/span><\/div>\n<\/div>\n<\/div>\n","protected":false},"excerpt":{"rendered":"<p>Zum 04. Februar mobilisiert das B\u00fcndnis \u201eMagdeburg steht auf\u201c zu einer Gro\u00dfdemonstration unter dem Motto \u201eGemeinsam gegen Rassismus\u201c zu 16:00 Uhr auf den Willy-Brandt-Platz. \u00a0 Vertreter:innen verschiedener studentischer Verb\u00e4nde und antirassistischer Initiativen, als auch Gewerkschaftler:innen des deutschen Gewerkschaftbundes haben ihre Teilnahme am Protest angek\u00fcndigt. Im Kontext der aktuell anhaltenden, bundesweiten Proteste, die anl\u00e4sslich der Ver\u00f6ffentlichung &hellip; <\/p>\n<p class=\"link-more\"><a href=\"http:\/\/solidarisches-magdeburg.org\/?p=943\" class=\"more-link\"><span class=\"screen-reader-text\">\u201eGro\u00dfdemonstration unter dem Motto \u201eGemeinsam gegen Rassismus\u201c am 4. Februar 2024\u201c<\/span> weiterlesen<\/a><\/p>\n","protected":false},"author":1,"featured_media":944,"comment_status":"open","ping_status":"open","sticky":false,"template":"","format":"standard","meta":{"footnotes":""},"categories":[7],"tags":[23,20,18,19],"class_list":["post-943","post","type-post","status-publish","format-standard","has-post-thumbnail","hentry","category-news","tag-nie-wieder","tag-noafd","tag-rechtsruck","tag-solidaritaet"],"_links":{"self":[{"href":"http:\/\/solidarisches-magdeburg.org\/index.php?rest_route=\/wp\/v2\/posts\/943","targetHints":{"allow":["GET"]}}],"collection":[{"href":"http:\/\/solidarisches-magdeburg.org\/index.php?rest_route=\/wp\/v2\/posts"}],"about":[{"href":"http:\/\/solidarisches-magdeburg.org\/index.php?rest_route=\/wp\/v2\/types\/post"}],"author":[{"embeddable":true,"href":"http:\/\/solidarisches-magdeburg.org\/index.php?rest_route=\/wp\/v2\/users\/1"}],"replies":[{"embeddable":true,"href":"http:\/\/solidarisches-magdeburg.org\/index.php?rest_route=%2Fwp%2Fv2%2Fcomments&post=943"}],"version-history":[{"count":1,"href":"http:\/\/solidarisches-magdeburg.org\/index.php?rest_route=\/wp\/v2\/posts\/943\/revisions"}],"predecessor-version":[{"id":945,"href":"http:\/\/solidarisches-magdeburg.org\/index.php?rest_route=\/wp\/v2\/posts\/943\/revisions\/945"}],"wp:featuredmedia":[{"embeddable":true,"href":"http:\/\/solidarisches-magdeburg.org\/index.php?rest_route=\/wp\/v2\/media\/944"}],"wp:attachment":[{"href":"http:\/\/solidarisches-magdeburg.org\/index.php?rest_route=%2Fwp%2Fv2%2Fmedia&parent=943"}],"wp:term":[{"taxonomy":"category","embeddable":true,"href":"http:\/\/solidarisches-magdeburg.org\/index.php?rest_route=%2Fwp%2Fv2%2Fcategories&post=943"},{"taxonomy":"post_tag","embeddable":true,"href":"http:\/\/solidarisches-magdeburg.org\/index.php?rest_route=%2Fwp%2Fv2%2Ftags&post=943"}],"curies":[{"name":"wp","href":"https:\/\/api.w.org\/{rel}","templated":true}]}}