{"id":947,"date":"2024-02-06T00:50:15","date_gmt":"2024-02-06T00:50:15","guid":{"rendered":"http:\/\/solidarisches-magdeburg.org\/?p=947"},"modified":"2024-02-15T16:47:44","modified_gmt":"2024-02-15T16:47:44","slug":"dem-rechtsruck-widersetzen-solidarisch-vielfaeltig-demokratisch-2","status":"publish","type":"post","link":"http:\/\/solidarisches-magdeburg.org\/?p=947","title":{"rendered":"Dem Rechtsruck widersetzen &#8211; Solidarisch. Vielf\u00e4ltig. Demokratisch."},"content":{"rendered":"<p>Wir wollen in einem Land leben, in dem man ohne Angst verschieden sein kann. Daf\u00fcr stehen wir ein. Entsetzt weisen wir die Deportations- und Vertreibungspl\u00e4ne der extremen Rechten zur\u00fcck. Viel zu lange schon tr\u00e4gt sie Hass und Hetze in unsere Gesellschaft.<\/p>\n<p>Mit einem breiten B\u00fcndnis laden wir ein zur landesweiten<br \/>\nDemonstration und Kundgebung f\u00fcr Sachsen-Anhalt:<\/p>\n<p style=\"padding-left: 40px;\"><strong>Dem Rechtsruck widersetzen<\/strong><br \/>\nSolidarisch. Vielf\u00e4ltig. Demokratisch.<br \/>\n<strong>Am 17. Februar in Magdeburg,<\/strong><br \/>\n<strong>Hauptbahnhof ab 13.00 Uhr<\/strong><br \/>\n<strong>Domplatz ab 14.00 Uhr<\/strong><\/p>\n<p>Krisen und Herausforderungen verunsichern viele Menschen in unserem Land. Viele sehnen sich nach einfachen und schnellen Antworten. Doch das sind oft keine L\u00f6sungen f\u00fcr unsere komplexen Probleme. Die extreme Rechte fordert, Mauern hochzuziehen und einen Teil der Menschen aus unserem Land zu entfernen. Daf\u00fcr will sie die demokratischen Institutionen missbrauchen und strebt nach der \u00dcbernahme von Regierungsmacht.<\/p>\n<p>Die Geschichte mahnt uns: Die Abwertung gesellschaftlicher Gruppen ist eine ernstzunehmende Gefahr und f\u00fchrt uns nie in eine bessere Zukunft. Wir leben in einer vernetzten Welt. Wir wollen und k\u00f6nnen uns nicht abschotten. Das bedeutet auch, Menschen zu sch\u00fctzen, die fliehen m\u00fcssen und zu uns kommen.<\/p>\n<p>Demokratie, Gesellschaft und Politik stehen unter Druck. Doch wir d\u00fcrfen nicht vergessen, dass die rechtlich verankerte Gleichw\u00fcrdigkeit jedes Menschen, die parlamentarische L\u00f6sungsfindung und der Schutz der Vielfalt durch den Schutz f\u00fcr Minderheiten die besten Prinzipien sind, die wir haben.<\/p>\n<p><strong>Lasst uns gemeinsam gegen diese einfachen, aber menschenfeindlichen Antworten auf die Stra\u00dfen gehen. Widersetzen wir uns dem Rechtsruck. Wir stehen zusammen!<\/strong><\/p>\n","protected":false},"excerpt":{"rendered":"<p>Wir wollen in einem Land leben, in dem man ohne Angst verschieden sein kann. Daf\u00fcr stehen wir ein. Entsetzt weisen wir die Deportations- und Vertreibungspl\u00e4ne der extremen Rechten zur\u00fcck. Viel zu lange schon tr\u00e4gt sie Hass und Hetze in unsere Gesellschaft. Mit einem breiten B\u00fcndnis laden wir ein zur landesweiten Demonstration und Kundgebung f\u00fcr Sachsen-Anhalt: &hellip; <\/p>\n<p class=\"link-more\"><a href=\"http:\/\/solidarisches-magdeburg.org\/?p=947\" class=\"more-link\"><span class=\"screen-reader-text\">\u201eDem Rechtsruck widersetzen &#8211; Solidarisch. Vielf\u00e4ltig. Demokratisch.\u201c<\/span> weiterlesen<\/a><\/p>\n","protected":false},"author":1,"featured_media":951,"comment_status":"open","ping_status":"open","sticky":false,"template":"","format":"standard","meta":{"footnotes":""},"categories":[7],"tags":[25,23,20,18],"class_list":["post-947","post","type-post","status-publish","format-standard","has-post-thumbnail","hentry","category-news","tag-demo","tag-nie-wieder","tag-noafd","tag-rechtsruck"],"_links":{"self":[{"href":"http:\/\/solidarisches-magdeburg.org\/index.php?rest_route=\/wp\/v2\/posts\/947","targetHints":{"allow":["GET"]}}],"collection":[{"href":"http:\/\/solidarisches-magdeburg.org\/index.php?rest_route=\/wp\/v2\/posts"}],"about":[{"href":"http:\/\/solidarisches-magdeburg.org\/index.php?rest_route=\/wp\/v2\/types\/post"}],"author":[{"embeddable":true,"href":"http:\/\/solidarisches-magdeburg.org\/index.php?rest_route=\/wp\/v2\/users\/1"}],"replies":[{"embeddable":true,"href":"http:\/\/solidarisches-magdeburg.org\/index.php?rest_route=%2Fwp%2Fv2%2Fcomments&post=947"}],"version-history":[{"count":2,"href":"http:\/\/solidarisches-magdeburg.org\/index.php?rest_route=\/wp\/v2\/posts\/947\/revisions"}],"predecessor-version":[{"id":952,"href":"http:\/\/solidarisches-magdeburg.org\/index.php?rest_route=\/wp\/v2\/posts\/947\/revisions\/952"}],"wp:featuredmedia":[{"embeddable":true,"href":"http:\/\/solidarisches-magdeburg.org\/index.php?rest_route=\/wp\/v2\/media\/951"}],"wp:attachment":[{"href":"http:\/\/solidarisches-magdeburg.org\/index.php?rest_route=%2Fwp%2Fv2%2Fmedia&parent=947"}],"wp:term":[{"taxonomy":"category","embeddable":true,"href":"http:\/\/solidarisches-magdeburg.org\/index.php?rest_route=%2Fwp%2Fv2%2Fcategories&post=947"},{"taxonomy":"post_tag","embeddable":true,"href":"http:\/\/solidarisches-magdeburg.org\/index.php?rest_route=%2Fwp%2Fv2%2Ftags&post=947"}],"curies":[{"name":"wp","href":"https:\/\/api.w.org\/{rel}","templated":true}]}}