{"id":972,"date":"2024-03-02T12:40:42","date_gmt":"2024-03-02T12:40:42","guid":{"rendered":"http:\/\/solidarisches-magdeburg.org\/?p=972"},"modified":"2024-03-02T12:49:32","modified_gmt":"2024-03-02T12:49:32","slug":"kundgebung-kein-raum-fuer-die-noafd","status":"publish","type":"post","link":"http:\/\/solidarisches-magdeburg.org\/?p=972","title":{"rendered":"Kundgebung: Kein Raum f\u00fcr die NoAfD!"},"content":{"rendered":"<p><img loading=\"lazy\" decoding=\"async\" class=\"size-medium wp-image-976 alignleft\" src=\"http:\/\/solidarisches-magdeburg.org\/wp-content\/uploads\/2024\/03\/signal-2024-03-02-012229_003-300x300.jpeg\" alt=\"\" width=\"300\" height=\"300\" srcset=\"http:\/\/solidarisches-magdeburg.org\/wp-content\/uploads\/2024\/03\/signal-2024-03-02-012229_003-300x300.jpeg 300w, http:\/\/solidarisches-magdeburg.org\/wp-content\/uploads\/2024\/03\/signal-2024-03-02-012229_003-1024x1024.jpeg 1024w, http:\/\/solidarisches-magdeburg.org\/wp-content\/uploads\/2024\/03\/signal-2024-03-02-012229_003-150x150.jpeg 150w, http:\/\/solidarisches-magdeburg.org\/wp-content\/uploads\/2024\/03\/signal-2024-03-02-012229_003-768x768.jpeg 768w, http:\/\/solidarisches-magdeburg.org\/wp-content\/uploads\/2024\/03\/signal-2024-03-02-012229_003-100x100.jpeg 100w, http:\/\/solidarisches-magdeburg.org\/wp-content\/uploads\/2024\/03\/signal-2024-03-02-012229_003.jpeg 1080w\" sizes=\"auto, (max-width: 300px) 100vw, 300px\" \/><\/p>\n<p class=\"_ap3a _aaco _aacu _aacx _aad7 _aade\" dir=\"auto\">Das B\u00fcndnis Solidarisches Magdeburg, Fridays for Future, die Oldies for Future und die Omas gegen Rechts rufen zu einer Kundgebung am 3.3.2024 um 8 Uhr vor dem AMO-Kulturhaus auf.<\/p>\n<p class=\"_ap3a _aaco _aacu _aacx _aad7 _aade\" dir=\"auto\">Wir protestieren entschieden dagegen, dass die Stadt Magdeburg zum wiederholten Male der vom Verfassungsschutz in Sachsen-Anhalt als erwiesen rechtsextremistisch eingestuften AfD R\u00e4ume vermietet um einen Parteitag abzuhalten.<\/p>\n<p>Die Forderung der Politik nach dem Engagement der B\u00fcrgerinnen und B\u00fcrger f\u00fcr die Demokratie geht ins Leere, wenn seitens der demokratischen und kommunalen Institutionen nicht der Versuch unternommen wird, Organisationen wie der rechtsextremen AfD mit allen zu Geboten stehenden juristischen Mitteln entgegenzutreten.<\/p>\n<p><strong>Wir werden zeigen, dass die AfD mit ihrem rechtsextremen Gedankengut in Magdeburg nicht willkommen ist: Dem Rechtsruck widersetzen \u2013 solidarisch. vielf\u00e4ltig. demokratisch!<\/strong><\/p>\n<p>Hintergrund: Die \u00a0Messe- und Veranstaltungsgesellschaft Magdeburg GmbH stellt der AfD zum wiederholten Male R\u00e4ume f\u00fcr einen Parteitag zur Verf\u00fcgung ohne die \u00d6ffentlichkeit dar\u00fcber zu informieren. Im Wissen, dass es sich bei der AfD um eine rechtsextreme Partei handelt, ist die MVGM aufgefordert, alle M\u00f6glichkeiten zu pr\u00fcfen, der Partei st\u00e4dtische R\u00e4ume zu versagen.<\/p>\n<p>Aus diesen Gr\u00fcnden kritisieren das B\u00fcndnis gegen Rechts und das B\u00fcndnis Solidarisches Magdeburg die Vermietung st\u00e4dtischer R\u00e4ume an die AfD auf Sch\u00e4rfste. Dies ist vor dem Hintergrund der Erkenntnisse der letzten Wochen \u00fcber diese Partei unverst\u00e4ndlich und unverantwortlich. Die AfD wird ihren Landesparteitag dazu nutzen, rechtsextreme und rassistische Inhalte in die \u00d6ffentlichkeit zu tragen und f\u00fcr ihre antidemokratischen Ziele zu werben. Dies kann nicht im Sinne der MVGM und der Landeshauptstadt Magdeburg sein.<\/p>\n","protected":false},"excerpt":{"rendered":"<p>Das B\u00fcndnis Solidarisches Magdeburg, Fridays for Future, die Oldies for Future und die Omas gegen Rechts rufen zu einer Kundgebung am 3.3.2024 um 8 Uhr vor dem AMO-Kulturhaus auf. Wir protestieren entschieden dagegen, dass die Stadt Magdeburg zum wiederholten Male der vom Verfassungsschutz in Sachsen-Anhalt als erwiesen rechtsextremistisch eingestuften AfD R\u00e4ume vermietet um einen Parteitag &hellip; <\/p>\n<p class=\"link-more\"><a href=\"http:\/\/solidarisches-magdeburg.org\/?p=972\" class=\"more-link\"><span class=\"screen-reader-text\">\u201eKundgebung: Kein Raum f\u00fcr die NoAfD!\u201c<\/span> weiterlesen<\/a><\/p>\n","protected":false},"author":1,"featured_media":973,"comment_status":"open","ping_status":"open","sticky":false,"template":"","format":"standard","meta":{"footnotes":""},"categories":[7,28],"tags":[21,20,17],"class_list":["post-972","post","type-post","status-publish","format-standard","has-post-thumbnail","hentry","category-news","category-pressemitteilung","tag-kundgebung","tag-noafd","tag-pressemitteilung"],"_links":{"self":[{"href":"http:\/\/solidarisches-magdeburg.org\/index.php?rest_route=\/wp\/v2\/posts\/972","targetHints":{"allow":["GET"]}}],"collection":[{"href":"http:\/\/solidarisches-magdeburg.org\/index.php?rest_route=\/wp\/v2\/posts"}],"about":[{"href":"http:\/\/solidarisches-magdeburg.org\/index.php?rest_route=\/wp\/v2\/types\/post"}],"author":[{"embeddable":true,"href":"http:\/\/solidarisches-magdeburg.org\/index.php?rest_route=\/wp\/v2\/users\/1"}],"replies":[{"embeddable":true,"href":"http:\/\/solidarisches-magdeburg.org\/index.php?rest_route=%2Fwp%2Fv2%2Fcomments&post=972"}],"version-history":[{"count":3,"href":"http:\/\/solidarisches-magdeburg.org\/index.php?rest_route=\/wp\/v2\/posts\/972\/revisions"}],"predecessor-version":[{"id":981,"href":"http:\/\/solidarisches-magdeburg.org\/index.php?rest_route=\/wp\/v2\/posts\/972\/revisions\/981"}],"wp:featuredmedia":[{"embeddable":true,"href":"http:\/\/solidarisches-magdeburg.org\/index.php?rest_route=\/wp\/v2\/media\/973"}],"wp:attachment":[{"href":"http:\/\/solidarisches-magdeburg.org\/index.php?rest_route=%2Fwp%2Fv2%2Fmedia&parent=972"}],"wp:term":[{"taxonomy":"category","embeddable":true,"href":"http:\/\/solidarisches-magdeburg.org\/index.php?rest_route=%2Fwp%2Fv2%2Fcategories&post=972"},{"taxonomy":"post_tag","embeddable":true,"href":"http:\/\/solidarisches-magdeburg.org\/index.php?rest_route=%2Fwp%2Fv2%2Ftags&post=972"}],"curies":[{"name":"wp","href":"https:\/\/api.w.org\/{rel}","templated":true}]}}