{"id":994,"date":"2024-03-16T20:18:33","date_gmt":"2024-03-16T20:18:33","guid":{"rendered":"http:\/\/solidarisches-magdeburg.org\/?p=994"},"modified":"2024-03-16T20:19:24","modified_gmt":"2024-03-16T20:19:24","slug":"kundgebung-kein-dialog-mit-faschisten","status":"publish","type":"post","link":"http:\/\/solidarisches-magdeburg.org\/?p=994","title":{"rendered":"Kundgebung: Kein Dialog mit Faschisten!"},"content":{"rendered":"<h1 class=\"_ap3a _aaco _aacu _aacx _aad7 _aade\" dir=\"auto\"><img loading=\"lazy\" decoding=\"async\" class=\"size-medium wp-image-990 alignleft\" src=\"http:\/\/solidarisches-magdeburg.org\/wp-content\/uploads\/2024\/03\/signal-2024-03-16-120912_003-300x300.png\" alt=\"\" width=\"300\" height=\"300\" srcset=\"http:\/\/solidarisches-magdeburg.org\/wp-content\/uploads\/2024\/03\/signal-2024-03-16-120912_003-300x300.png 300w, http:\/\/solidarisches-magdeburg.org\/wp-content\/uploads\/2024\/03\/signal-2024-03-16-120912_003-150x150.png 150w, http:\/\/solidarisches-magdeburg.org\/wp-content\/uploads\/2024\/03\/signal-2024-03-16-120912_003-100x100.png 100w, http:\/\/solidarisches-magdeburg.org\/wp-content\/uploads\/2024\/03\/signal-2024-03-16-120912_003.png 768w\" sizes=\"auto, (max-width: 300px) 100vw, 300px\" \/>Am 20. M\u00e4rz l\u00e4dt die AFD &#8211; Landtagsfraktion<br \/>\nzu einem B\u00fcrgerdialog in Magdeburg, in die Veranstaltungslocation *halber85* ein.<br \/>\nUnter anderem der Bundesvorsitzende Tino Chrupalla und der <img loading=\"lazy\" decoding=\"async\" class=\"size-medium wp-image-989 alignleft\" src=\"http:\/\/solidarisches-magdeburg.org\/wp-content\/uploads\/2024\/03\/signal-2024-03-16-120912_004-300x300.png\" alt=\"\" width=\"300\" height=\"300\" srcset=\"http:\/\/solidarisches-magdeburg.org\/wp-content\/uploads\/2024\/03\/signal-2024-03-16-120912_004-300x300.png 300w, http:\/\/solidarisches-magdeburg.org\/wp-content\/uploads\/2024\/03\/signal-2024-03-16-120912_004-150x150.png 150w, http:\/\/solidarisches-magdeburg.org\/wp-content\/uploads\/2024\/03\/signal-2024-03-16-120912_004-768x768.png 768w, http:\/\/solidarisches-magdeburg.org\/wp-content\/uploads\/2024\/03\/signal-2024-03-16-120912_004-100x100.png 100w, http:\/\/solidarisches-magdeburg.org\/wp-content\/uploads\/2024\/03\/signal-2024-03-16-120912_004.png 1024w\" sizes=\"auto, (max-width: 300px) 100vw, 300px\" \/>Fraktionsvorsitzende Oliver Kirchner werden diese Veranstaltung nutzen, um die menschenverachtende Politik der AFD zu verbreiten und f\u00fcr Hass und Hetze zu werben.<br \/>\nGemeinsam stellen wir <img loading=\"lazy\" decoding=\"async\" class=\"size-medium wp-image-988 alignleft\" src=\"http:\/\/solidarisches-magdeburg.org\/wp-content\/uploads\/2024\/03\/signal-2024-03-16-120912_005-300x169.png\" alt=\"\" width=\"300\" height=\"169\" srcset=\"http:\/\/solidarisches-magdeburg.org\/wp-content\/uploads\/2024\/03\/signal-2024-03-16-120912_005-300x169.png 300w, http:\/\/solidarisches-magdeburg.org\/wp-content\/uploads\/2024\/03\/signal-2024-03-16-120912_005-1024x576.png 1024w, http:\/\/solidarisches-magdeburg.org\/wp-content\/uploads\/2024\/03\/signal-2024-03-16-120912_005-768x432.png 768w, http:\/\/solidarisches-magdeburg.org\/wp-content\/uploads\/2024\/03\/signal-2024-03-16-120912_005-1536x864.png 1536w, http:\/\/solidarisches-magdeburg.org\/wp-content\/uploads\/2024\/03\/signal-2024-03-16-120912_005.png 1600w\" sizes=\"auto, (max-width: 300px) 100vw, 300px\" \/>uns dem entgegen und sagen: Kein Dialog mit Faschisten! Kommt zu unserer Kundgebung am 20. M\u00e4rz, ab 17.00 Uhr.<\/h1>\n","protected":false},"excerpt":{"rendered":"<p>Am 20. M\u00e4rz l\u00e4dt die AFD &#8211; Landtagsfraktion zu einem B\u00fcrgerdialog in Magdeburg, in die Veranstaltungslocation *halber85* ein. Unter anderem der Bundesvorsitzende Tino Chrupalla und der Fraktionsvorsitzende Oliver Kirchner werden diese Veranstaltung nutzen, um die menschenverachtende Politik der AFD zu verbreiten und f\u00fcr Hass und Hetze zu werben. Gemeinsam stellen wir uns dem entgegen und &hellip; <\/p>\n<p class=\"link-more\"><a href=\"http:\/\/solidarisches-magdeburg.org\/?p=994\" class=\"more-link\"><span class=\"screen-reader-text\">\u201eKundgebung: Kein Dialog mit Faschisten!\u201c<\/span> weiterlesen<\/a><\/p>\n","protected":false},"author":1,"featured_media":991,"comment_status":"open","ping_status":"open","sticky":false,"template":"","format":"standard","meta":{"footnotes":""},"categories":[7],"tags":[14,21,20,18],"class_list":["post-994","post","type-post","status-publish","format-standard","has-post-thumbnail","hentry","category-news","tag-afd","tag-kundgebung","tag-noafd","tag-rechtsruck"],"_links":{"self":[{"href":"http:\/\/solidarisches-magdeburg.org\/index.php?rest_route=\/wp\/v2\/posts\/994","targetHints":{"allow":["GET"]}}],"collection":[{"href":"http:\/\/solidarisches-magdeburg.org\/index.php?rest_route=\/wp\/v2\/posts"}],"about":[{"href":"http:\/\/solidarisches-magdeburg.org\/index.php?rest_route=\/wp\/v2\/types\/post"}],"author":[{"embeddable":true,"href":"http:\/\/solidarisches-magdeburg.org\/index.php?rest_route=\/wp\/v2\/users\/1"}],"replies":[{"embeddable":true,"href":"http:\/\/solidarisches-magdeburg.org\/index.php?rest_route=%2Fwp%2Fv2%2Fcomments&post=994"}],"version-history":[{"count":2,"href":"http:\/\/solidarisches-magdeburg.org\/index.php?rest_route=\/wp\/v2\/posts\/994\/revisions"}],"predecessor-version":[{"id":1049,"href":"http:\/\/solidarisches-magdeburg.org\/index.php?rest_route=\/wp\/v2\/posts\/994\/revisions\/1049"}],"wp:featuredmedia":[{"embeddable":true,"href":"http:\/\/solidarisches-magdeburg.org\/index.php?rest_route=\/wp\/v2\/media\/991"}],"wp:attachment":[{"href":"http:\/\/solidarisches-magdeburg.org\/index.php?rest_route=%2Fwp%2Fv2%2Fmedia&parent=994"}],"wp:term":[{"taxonomy":"category","embeddable":true,"href":"http:\/\/solidarisches-magdeburg.org\/index.php?rest_route=%2Fwp%2Fv2%2Fcategories&post=994"},{"taxonomy":"post_tag","embeddable":true,"href":"http:\/\/solidarisches-magdeburg.org\/index.php?rest_route=%2Fwp%2Fv2%2Ftags&post=994"}],"curies":[{"name":"wp","href":"https:\/\/api.w.org\/{rel}","templated":true}]}}